
{"id":3178,"date":"2025-09-25T13:25:27","date_gmt":"2025-09-25T13:25:27","guid":{"rendered":"https:\/\/www.astburyformentera.co.uk\/blog\/sant-ferran-de-ses-roques-decouvrez-le-village-creatif-de-formentera\/"},"modified":"2025-12-09T11:40:28","modified_gmt":"2025-12-09T11:40:28","slug":"sant-ferran-de-ses-roques-decouvrez-le-village-creatif-de-formentera","status":"publish","type":"post","link":"https:\/\/www.astburyformentera.fr\/blog\/sant-ferran-de-ses-roques-decouvrez-le-village-creatif-de-formentera\/","title":{"rendered":"Sant Ferran de Ses Roques : D\u00e9couvrez le village cr\u00e9atif de Formentera"},"content":{"rendered":"\t\t<div data-elementor-type=\"wp-post\" data-elementor-id=\"3178\" class=\"elementor elementor-3178 elementor-2996\">\n\t\t\t\t<div class=\"elementor-element elementor-element-8379353 e-flex e-con-boxed e-con e-parent\" data-id=\"8379353\" data-element_type=\"container\">\n\t\t\t\t\t<div class=\"e-con-inner\">\n\t\t\t\t<div class=\"elementor-element elementor-element-c64fa8d elementor-widget elementor-widget-heading\" data-id=\"c64fa8d\" data-element_type=\"widget\" data-widget_type=\"heading.default\">\n\t\t\t\t<div class=\"elementor-widget-container\">\n\t\t\t<style>\/*! elementor - v3.23.0 - 15-07-2024 *\/\n.elementor-heading-title{padding:0;margin:0;line-height:1}.elementor-widget-heading .elementor-heading-title[class*=elementor-size-]>a{color:inherit;font-size:inherit;line-height:inherit}.elementor-widget-heading .elementor-heading-title.elementor-size-small{font-size:15px}.elementor-widget-heading .elementor-heading-title.elementor-size-medium{font-size:19px}.elementor-widget-heading .elementor-heading-title.elementor-size-large{font-size:29px}.elementor-widget-heading .elementor-heading-title.elementor-size-xl{font-size:39px}.elementor-widget-heading .elementor-heading-title.elementor-size-xxl{font-size:59px}<\/style><h1 class=\"elementor-heading-title elementor-size-default\">Sant Ferran de Ses Roques : D\u00e9couvrez le village cr\u00e9atif de Formentera<\/h1>\t\t<\/div>\n\t\t\t\t<\/div>\n\t\t\t\t\t<\/div>\n\t\t\t\t<\/div>\n\t\t<div class=\"elementor-element elementor-element-73248316 e-flex e-con-boxed e-con e-parent\" data-id=\"73248316\" data-element_type=\"container\">\n\t\t\t\t\t<div class=\"e-con-inner\">\n\t\t\t\t<div class=\"elementor-element elementor-element-5dd561e7 elementor-widget elementor-widget-text-editor\" data-id=\"5dd561e7\" data-element_type=\"widget\" data-widget_type=\"text-editor.default\">\n\t\t\t\t<div class=\"elementor-widget-container\">\n\t\t\t<style>\/*! elementor - v3.23.0 - 15-07-2024 *\/\n.elementor-widget-text-editor.elementor-drop-cap-view-stacked .elementor-drop-cap{background-color:#69727d;color:#fff}.elementor-widget-text-editor.elementor-drop-cap-view-framed .elementor-drop-cap{color:#69727d;border:3px solid;background-color:transparent}.elementor-widget-text-editor:not(.elementor-drop-cap-view-default) .elementor-drop-cap{margin-top:8px}.elementor-widget-text-editor:not(.elementor-drop-cap-view-default) .elementor-drop-cap-letter{width:1em;height:1em}.elementor-widget-text-editor .elementor-drop-cap{float:left;text-align:center;line-height:1;font-size:50px}.elementor-widget-text-editor .elementor-drop-cap-letter{display:inline-block}<\/style>\t\t\t\t<p>Au c\u0153ur de <strong>Formentera<\/strong> se trouve un <a href=\"https:\/\/www.astburyformentera.fr\/blog\/guide-des-6-meilleurs-villages-de-formentera\/\"><strong>village<\/strong><\/a> \u00e0 l&rsquo;\u00e2me authentique et libre : <strong>Sant Ferran de Ses Roques<\/strong>.<\/p>\n<p><strong>Sant Ferran de Ses Roques<\/strong> est devenu le foyer du <strong>mouvement hippie<\/strong> dans les <strong>ann\u00e9es 1960<\/strong> et, aujourd&rsquo;hui encore, son <strong>esprit<\/strong> <strong>cr\u00e9atif<\/strong> et <strong>boh\u00e8me<\/strong> est pr\u00e9sent dans les rues anim\u00e9es, les concerts en plein air, les march\u00e9s artisanaux et les longues nuits d&rsquo;\u00e9t\u00e9.<\/p>\n<p>Si vous souhaitez <strong>d\u00e9couvrir Formentera au-del\u00e0 des plages<\/strong>, voici <strong>5 raisons pour lesquelles Sant Ferran devrait figurer sur votre itin\u00e9raire<\/strong>.<\/p>\n\t\t\t\t\t\t<\/div>\n\t\t\t\t<\/div>\n\t\t\t\t\t<\/div>\n\t\t\t\t<\/div>\n\t\t<div class=\"elementor-element elementor-element-7bea64c e-flex e-con-boxed e-con e-parent\" data-id=\"7bea64c\" data-element_type=\"container\">\n\t\t\t\t\t<div class=\"e-con-inner\">\n\t\t\t\t<div class=\"elementor-element elementor-element-33347e7 elementor-widget elementor-widget-image\" data-id=\"33347e7\" data-element_type=\"widget\" data-widget_type=\"image.default\">\n\t\t\t\t<div class=\"elementor-widget-container\">\n\t\t\t<style>\/*! elementor - v3.23.0 - 15-07-2024 *\/\n.elementor-widget-image{text-align:center}.elementor-widget-image a{display:inline-block}.elementor-widget-image a img[src$=\".svg\"]{width:48px}.elementor-widget-image img{vertical-align:middle;display:inline-block}<\/style>\t\t\t\t\t\t\t<figure class=\"wp-caption\">\n\t\t\t\t\t\t\t\t\t\t<img fetchpriority=\"high\" decoding=\"async\" width=\"2048\" height=\"1536\" src=\"https:\/\/www.astburyformentera.fr\/blog\/wp-content\/uploads\/2025\/09\/san-ferran-formentera-church-square.webp\" class=\"attachment-full size-full wp-image-3051\" alt=\"Night view of the Church of Sant Ferran de ses Roques illuminated in the main square of Sant Ferran de ses Roques, Formentera.\" srcset=\"https:\/\/www.astburyformentera.fr\/blog\/wp-content\/uploads\/2025\/09\/san-ferran-formentera-church-square.webp 2048w, https:\/\/www.astburyformentera.fr\/blog\/wp-content\/uploads\/2025\/09\/san-ferran-formentera-church-square-768x576.webp 768w, https:\/\/www.astburyformentera.fr\/blog\/wp-content\/uploads\/2025\/09\/san-ferran-formentera-church-square-1536x1152.webp 1536w\" sizes=\"(max-width: 2048px) 100vw, 2048px\" \/>\t\t\t\t\t\t\t\t\t\t\t<figcaption class=\"widget-image-caption wp-caption-text\">The Church of Sant Ferran de ses Roques andits main square at nighttime, Formentera,<\/figcaption>\n\t\t\t\t\t\t\t\t\t\t<\/figure>\n\t\t\t\t\t\t\t<\/div>\n\t\t\t\t<\/div>\n\t\t\t\t\t<\/div>\n\t\t\t\t<\/div>\n\t\t<div class=\"elementor-element elementor-element-75e959d e-flex e-con-boxed e-con e-parent\" data-id=\"75e959d\" data-element_type=\"container\">\n\t\t\t\t\t<div class=\"e-con-inner\">\n\t\t\t\t<div class=\"elementor-element elementor-element-5dbed43 elementor-widget elementor-widget-heading\" data-id=\"5dbed43\" data-element_type=\"widget\" data-widget_type=\"heading.default\">\n\t\t\t\t<div class=\"elementor-widget-container\">\n\t\t\t<h2 class=\"elementor-heading-title elementor-size-default\">5 raisons de visiter Sant Ferran de Ses Roques \u00e0 Formentera<\/h2>\t\t<\/div>\n\t\t\t\t<\/div>\n\t\t\t\t\t<\/div>\n\t\t\t\t<\/div>\n\t\t<div class=\"elementor-element elementor-element-a56a2ed e-flex e-con-boxed e-con e-parent\" data-id=\"a56a2ed\" data-element_type=\"container\">\n\t\t\t\t\t<div class=\"e-con-inner\">\n\t\t\t\t<div class=\"elementor-element elementor-element-33da324 elementor-widget elementor-widget-heading\" data-id=\"33da324\" data-element_type=\"widget\" data-widget_type=\"heading.default\">\n\t\t\t\t<div class=\"elementor-widget-container\">\n\t\t\t<h3 class=\"elementor-heading-title elementor-size-default\">1. Le c\u0153ur hippie de Formentera\n<\/h3>\t\t<\/div>\n\t\t\t\t<\/div>\n\t\t\t\t\t<\/div>\n\t\t\t\t<\/div>\n\t\t<div class=\"elementor-element elementor-element-3936c29 e-flex e-con-boxed e-con e-parent\" data-id=\"3936c29\" data-element_type=\"container\">\n\t\t\t\t\t<div class=\"e-con-inner\">\n\t\t\t\t<div class=\"elementor-element elementor-element-fd0b728 elementor-widget elementor-widget-text-editor\" data-id=\"fd0b728\" data-element_type=\"widget\" data-widget_type=\"text-editor.default\">\n\t\t\t\t<div class=\"elementor-widget-container\">\n\t\t\t\t\t\t\t<p data-start=\"109\" data-end=\"541\">Dans les ann\u00e9es 1960, <strong>Sant Ferran de Ses Roques<\/strong> est devenu <strong>un foyer pour les esprits libres du mouvement hippie<\/strong>. Les habitants ont accueilli ces \u00e9trangers aux cheveux longs, connus sous le nom de<g id=\"gid_2\">\u00ab\u00a0peludos\u00a0\u00bb<\/g>. La <g id=\"gid_3\">place de l&rsquo;\u00e9glise<\/g> \u00e9tait l&rsquo;un de leurs principaux points de rencontre. Ils apportaient de la musique, de la cr\u00e9ativit\u00e9 et un esprit contre-culturel et non conventionnel.   <\/p>\n<p data-start=\"109\" data-end=\"541\">Aujourd&rsquo;hui encore, <strong>Sant Ferran <\/strong> fait \u00e9cho \u00e0 ce pass\u00e9 hippie. <strong>Tous les vendredis soirs de l&rsquo;\u00e9t\u00e9<\/strong> (21 juin-27 septembre), des <strong>concerts<\/strong> sont organis\u00e9s sur la place et le <strong>march\u00e9 artisanal<\/strong> se tient le long de la rue principale<strong>(tous les soirs sauf les mercredis et les dimanches, de 19 heures \u00e0 minuit<\/strong>). Les stands pr\u00e9sentent des <g id=\"gid_5\">\u0153uvres d&rsquo;art et d&rsquo;artisanat uniques<\/g> r\u00e9alis\u00e9es par des artistes locaux : peintures, c\u00e9ramiques, cuir, verre, bijoux et bien d&rsquo;autres choses encore. Fl\u00e2ner en \u00e9coutant de la musique est le meilleur moyen de d\u00e9couvrir l<strong> &lsquo;\u00e2me boh\u00e8me de Sant Ferran<\/strong>.  <\/p>\n\t\t\t\t\t\t<\/div>\n\t\t\t\t<\/div>\n\t\t\t\t\t<\/div>\n\t\t\t\t<\/div>\n\t\t<div class=\"elementor-element elementor-element-8ce680b e-flex e-con-boxed e-con e-parent\" data-id=\"8ce680b\" data-element_type=\"container\">\n\t\t\t\t\t<div class=\"e-con-inner\">\n\t\t\t\t<div class=\"elementor-element elementor-element-210de35 elementor-widget elementor-widget-image\" data-id=\"210de35\" data-element_type=\"widget\" data-widget_type=\"image.default\">\n\t\t\t\t<div class=\"elementor-widget-container\">\n\t\t\t\t\t\t\t\t\t\t<figure class=\"wp-caption\">\n\t\t\t\t\t\t\t\t\t\t<img decoding=\"async\" width=\"2048\" height=\"1536\" src=\"https:\/\/www.astburyformentera.fr\/blog\/wp-content\/uploads\/2025\/09\/formentera-artisan-market-san-ferran.webp\" class=\"attachment-full size-full wp-image-3021\" alt=\"Artisan market Sant Ferran de Ses Roques, Formentera\" srcset=\"https:\/\/www.astburyformentera.fr\/blog\/wp-content\/uploads\/2025\/09\/formentera-artisan-market-san-ferran.webp 2048w, https:\/\/www.astburyformentera.fr\/blog\/wp-content\/uploads\/2025\/09\/formentera-artisan-market-san-ferran-768x576.webp 768w, https:\/\/www.astburyformentera.fr\/blog\/wp-content\/uploads\/2025\/09\/formentera-artisan-market-san-ferran-1536x1152.webp 1536w\" sizes=\"(max-width: 2048px) 100vw, 2048px\" \/>\t\t\t\t\t\t\t\t\t\t\t<figcaption class=\"widget-image-caption wp-caption-text\">Stalls at the hippie artisan market in Sant Ferran de Ses Roques in Formentera<\/figcaption>\n\t\t\t\t\t\t\t\t\t\t<\/figure>\n\t\t\t\t\t\t\t<\/div>\n\t\t\t\t<\/div>\n\t\t\t\t\t<\/div>\n\t\t\t\t<\/div>\n\t\t<div class=\"elementor-element elementor-element-821da7d e-flex e-con-boxed e-con e-parent\" data-id=\"821da7d\" data-element_type=\"container\">\n\t\t\t\t\t<div class=\"e-con-inner\">\n\t\t\t\t<div class=\"elementor-element elementor-element-c4f060b elementor-widget elementor-widget-heading\" data-id=\"c4f060b\" data-element_type=\"widget\" data-widget_type=\"heading.default\">\n\t\t\t\t<div class=\"elementor-widget-container\">\n\t\t\t<h3 class=\"elementor-heading-title elementor-size-default\">2. Fonda Pepe : Une l\u00e9gende vivante<\/h3>\t\t<\/div>\n\t\t\t\t<\/div>\n\t\t\t\t\t<\/div>\n\t\t\t\t<\/div>\n\t\t<div class=\"elementor-element elementor-element-a37efd7 e-flex e-con-boxed e-con e-parent\" data-id=\"a37efd7\" data-element_type=\"container\">\n\t\t\t\t\t<div class=\"e-con-inner\">\n\t\t\t\t<div class=\"elementor-element elementor-element-946bbfb elementor-widget elementor-widget-text-editor\" data-id=\"946bbfb\" data-element_type=\"widget\" data-widget_type=\"text-editor.default\">\n\t\t\t\t<div class=\"elementor-widget-container\">\n\t\t\t\t\t\t\t<p data-start=\"840\" data-end=\"1028\"><a href=\"https:\/\/www.instagram.com\/fondapepeformentera\/?hl=en\" target=\"_blank\" rel=\"noopener\"><strong>La Fonda Pepe<\/strong><\/a> est plus qu&rsquo;un bar : c&rsquo;est une <strong>l\u00e9gende vivante <\/strong>de<strong> Formentera<\/strong>. Ouvert en <strong>1953<\/strong>, il est rapidement devenu le <strong>centre de la sc\u00e8ne hippie de Formentera<\/strong> et a accueilli certains des \u00e9v\u00e9nements les plus m\u00e9morables des ann\u00e9es 1960. <\/p>\n<p data-start=\"1030\" data-end=\"1342\">Cette trattoria, qui fait \u00e9galement office de bar et d&rsquo;auberge, a conserv\u00e9 l&rsquo;esprit de cette \u00e9poque. Des groupes l\u00e9gendaires comme <g id=\"gid_0\">Pink Floyd<\/g> et <g id=\"gid_1\">King Crimson<\/g> avaient l&rsquo;habitude de s&rsquo;y retrouver. Certains pr\u00e9tendent m\u00eame que <strong data-start=\"1224\" data-end=\"1237\">Bob Dylan<\/strong> s&rsquo;y est arr\u00eat\u00e9 pour jouer de la guitare, bien qu&rsquo;il s&rsquo;agisse probablement d&rsquo;une l\u00e9gende urbaine inspir\u00e9e par quelqu&rsquo;un qui lui ressemblait.  <\/p>\n<p data-start=\"1344\" data-end=\"1608\">Aujourd&rsquo;hui, la <strong>Fonda Pepe<\/strong> reste un lieu de rencontre populaire. Des meubles d&rsquo;\u00e9poque et des <strong>photographies embl\u00e9matiques des ann\u00e9es 1960<\/strong> de <strong data-start=\"1449\" data-end=\"1499\">Reinald W\u00fcnsche <\/strong>(Berlin 1943 &#8211; Formentera 2008) immortalisent des moments de l&rsquo;\u00e8re hippie, cr\u00e9ant ainsi un t\u00e9moignage visuel inestimable de l&rsquo;<strong>h\u00e9ritage culturel de Formentera<\/strong>. <\/p>\n<p data-start=\"1610\" data-end=\"1931\">Vous pouvez y d\u00e9guster une paella <em>barata<\/em> (paella abordable), siroter des <em>chupitos<\/em> (petits verres d&rsquo;alcool) au bar ou rester tard pour une soir\u00e9e anim\u00e9e. Les saveurs et l&rsquo;atmosph\u00e8re ont conserv\u00e9 l&rsquo;esprit des ann\u00e9es 1960, ce qui en fait <strong>un endroit \u00e0 ne pas manquer<\/strong> si vous voulez d\u00e9couvrir un <strong>pan vivant de l&rsquo;histoire de Formentera<\/strong>. <\/p>\n\t\t\t\t\t\t<\/div>\n\t\t\t\t<\/div>\n\t\t\t\t\t<\/div>\n\t\t\t\t<\/div>\n\t\t<div class=\"elementor-element elementor-element-b9d0d30 e-flex e-con-boxed e-con e-parent\" data-id=\"b9d0d30\" data-element_type=\"container\">\n\t\t\t\t\t<div class=\"e-con-inner\">\n\t\t\t\t<div class=\"elementor-element elementor-element-def34da elementor-widget elementor-widget-image\" data-id=\"def34da\" data-element_type=\"widget\" data-widget_type=\"image.default\">\n\t\t\t\t<div class=\"elementor-widget-container\">\n\t\t\t\t\t\t\t\t\t\t<figure class=\"wp-caption\">\n\t\t\t\t\t\t\t\t\t\t<img decoding=\"async\" width=\"2560\" height=\"1653\" src=\"https:\/\/www.astburyformentera.fr\/blog\/wp-content\/uploads\/2025\/09\/fonda-pepe-formentera-historic-bar-scaled.webp\" class=\"attachment-full size-full wp-image-3033\" alt=\"Fonda Pepe in San Ferran, Formentera \u2013 historic bar, trattoria, and hostel frequented by Pink Floyd and King Crimson in the 1960s hippie era\" srcset=\"https:\/\/www.astburyformentera.fr\/blog\/wp-content\/uploads\/2025\/09\/fonda-pepe-formentera-historic-bar-scaled.webp 2560w, https:\/\/www.astburyformentera.fr\/blog\/wp-content\/uploads\/2025\/09\/fonda-pepe-formentera-historic-bar-768x496.webp 768w, https:\/\/www.astburyformentera.fr\/blog\/wp-content\/uploads\/2025\/09\/fonda-pepe-formentera-historic-bar-1536x992.webp 1536w, https:\/\/www.astburyformentera.fr\/blog\/wp-content\/uploads\/2025\/09\/fonda-pepe-formentera-historic-bar-2048x1322.webp 2048w\" sizes=\"(max-width: 2560px) 100vw, 2560px\" \/>\t\t\t\t\t\t\t\t\t\t\t<figcaption class=\"widget-image-caption wp-caption-text\">Fonda Pepe, a historic bar and trattoria in San Ferran, Formentera, has been a hub of the island\u2019s 1960s hippie scene and a gathering place for legendary musicians.<\/figcaption>\n\t\t\t\t\t\t\t\t\t\t<\/figure>\n\t\t\t\t\t\t\t<\/div>\n\t\t\t\t<\/div>\n\t\t\t\t<div class=\"elementor-element elementor-element-8c9c72d elementor-widget elementor-widget-heading\" data-id=\"8c9c72d\" data-element_type=\"widget\" data-widget_type=\"heading.default\">\n\t\t\t\t<div class=\"elementor-widget-container\">\n\t\t\t<h3 class=\"elementor-heading-title elementor-size-default\">3. La connexion Pink Floyd\n<\/h3>\t\t<\/div>\n\t\t\t\t<\/div>\n\t\t\t\t\t<\/div>\n\t\t\t\t<\/div>\n\t\t<div class=\"elementor-element elementor-element-c36f9e8 e-flex e-con-boxed e-con e-parent\" data-id=\"c36f9e8\" data-element_type=\"container\">\n\t\t\t\t\t<div class=\"e-con-inner\">\n\t\t\t\t<div class=\"elementor-element elementor-element-0f180e7 elementor-widget elementor-widget-text-editor\" data-id=\"0f180e7\" data-element_type=\"widget\" data-widget_type=\"text-editor.default\">\n\t\t\t\t<div class=\"elementor-widget-container\">\n\t\t\t\t\t\t\t<p><span style=\"font-weight: 400;\"><strong>Sant Ferran<\/strong> abrite \u00e9galement <\/span><a href=\"https:\/\/formentera-guitars.com\/?fbclid=IwY2xjawNLsxhleHRuA2FlbQIxMABicmlkETFySW5EZTM1V2xjY0J3S3MwAR6TAggQwKUEDgBcF4714FG2JNoV23bw8oufOjK5BG1umn3jVdT32NVc51PPOw_aem_ZDJMbYH9fyqoU8meh-LaBw\" target=\"_blank\" rel=\"noopener\"><b>Guitares de Formentera<\/b><\/a><span style=\"font-weight: 400;\">Cet atelier, fond\u00e9 dans les ann\u00e9es 1980, a acquis une r\u00e9putation mondiale pour la fabrication d&rsquo;instruments de haute qualit\u00e9. Des musiciens l\u00e9gendaires, dont les membres de <strong>Pink Floyd<\/strong>, ont jou\u00e9 sur des guitares et des basses fabriqu\u00e9es ici, faisant de ce petit village un sanctuaire inattendu pour les m\u00e9lomanes. Une visite \u00e0 <strong>Formentera Guitars<\/strong> s&rsquo;impose pour tous les passionn\u00e9s de musique. Si vous le souhaitez, vous pouvez m\u00eame <strong>fabriquer votre propre guitare<\/strong> ou <strong>basse<\/strong> en participant \u00e0 leur cours populaire de trois semaines, qui permet de fabriquer des instruments connus pour leur \u00ab\u00a0son bal\u00e9are\u00a0\u00bb embl\u00e9matique.    <\/span><\/p>\n\t\t\t\t\t\t<\/div>\n\t\t\t\t<\/div>\n\t\t\t\t<div class=\"elementor-element elementor-element-2b765a5 elementor-widget elementor-widget-heading\" data-id=\"2b765a5\" data-element_type=\"widget\" data-widget_type=\"heading.default\">\n\t\t\t\t<div class=\"elementor-widget-container\">\n\t\t\t<h3 class=\"elementor-heading-title elementor-size-default\">4. Cuevas d'en Geroni : La grotte cach\u00e9e<\/h3>\t\t<\/div>\n\t\t\t\t<\/div>\n\t\t\t\t<div class=\"elementor-element elementor-element-08f97fa elementor-widget elementor-widget-text-editor\" data-id=\"08f97fa\" data-element_type=\"widget\" data-widget_type=\"text-editor.default\">\n\t\t\t\t<div class=\"elementor-widget-container\">\n\t\t\t\t\t\t\t<p><span style=\"font-weight: 400;\">D\u00e9couvertes en 1975 lors du creusement d&rsquo;un puits, <\/span><b>Cuevas d&rsquo;en Geroni<\/b><span style=\"font-weight: 400;\"> est l&rsquo;un des sites de <\/span><b>Formentera<\/b><span style=\"font-weight: 400;\">de Formentera <\/span><b>m\u00e9connus de Formentera.<\/b><span style=\"font-weight: 400;\">. Il se trouve juste  <\/span><b>\u00e0 l&rsquo;ext\u00e9rieur de San Ferran<\/b><span style=\"font-weight: 400;\">\u00e0 l&rsquo;ext\u00e9rieur de San Ferran, au <\/span><b>km 6.2 <\/b><span style=\"font-weight: 400;\">sur la route de La Mola, signal\u00e9 par des panneaux et une porte discr\u00e8te : ne vous attendez pas \u00e0 quelque chose de tape-\u00e0-l&rsquo;\u0153il, ce qui ajoute \u00e0 son myst\u00e8re.<\/span><\/p>\n<p><span style=\"font-weight: 400;\">En p\u00e9n\u00e9trant dans la grotte, vous d\u00e9couvrirez des <strong>stalactites<\/strong>, des <strong>stalagmites<\/strong> et des <strong>racines d&rsquo;arbres<\/strong> qui pendent du plafond de la grotte.  <\/span><\/p>\n<p><span style=\"font-weight: 400;\">La visite de la grotte est une excellente <strong>alternative \u00e0 la plage<\/strong> lorsque le temps est couvert. C&rsquo;est une exp\u00e9rience aventureuse et atmosph\u00e9rique qui montre une <strong>autre facette<\/strong> de la beaut\u00e9 naturelle de <strong>Formentera<\/strong>. <\/span><\/p>\n\t\t\t\t\t\t<\/div>\n\t\t\t\t<\/div>\n\t\t\t\t\t<\/div>\n\t\t\t\t<\/div>\n\t\t<div class=\"elementor-element elementor-element-d0664f6 e-flex e-con-boxed e-con e-parent\" data-id=\"d0664f6\" data-element_type=\"container\">\n\t\t\t\t\t<div class=\"e-con-inner\">\n\t\t\t\t<div class=\"elementor-element elementor-element-7bd2850 elementor-widget elementor-widget-heading\" data-id=\"7bd2850\" data-element_type=\"widget\" data-widget_type=\"heading.default\">\n\t\t\t\t<div class=\"elementor-widget-container\">\n\t\t\t<h3 class=\"elementor-heading-title elementor-size-default\">5. La vie nocturne alternative de Sant Ferran<\/h3>\t\t<\/div>\n\t\t\t\t<\/div>\n\t\t\t\t\t<\/div>\n\t\t\t\t<\/div>\n\t\t<div class=\"elementor-element elementor-element-699c845 e-flex e-con-boxed e-con e-parent\" data-id=\"699c845\" data-element_type=\"container\">\n\t\t\t\t\t<div class=\"e-con-inner\">\n\t\t\t\t<div class=\"elementor-element elementor-element-cfd072e elementor-widget elementor-widget-text-editor\" data-id=\"cfd072e\" data-element_type=\"widget\" data-widget_type=\"text-editor.default\">\n\t\t\t\t<div class=\"elementor-widget-container\">\n\t\t\t\t\t\t\t<p data-start=\"240\" data-end=\"903\"><strong>Les nuits de Sant Ferran<\/strong> ont un rythme tr\u00e8s diff\u00e9rent de celui d&rsquo;<a href=\"https:\/\/www.astburyformentera.fr\/blog\/guide-de-la-plage-et-du-village-des-pujols-a-formentera\/\">Es Pujols<\/a>, le principal centre de vie nocturne de <strong>Formentera<\/strong>, rempli de clubs et de bars. \u00c0 <strong>Sant Ferran<\/strong>, la place et les rues voisines s&rsquo;animent de mani\u00e8re <strong>plus d\u00e9contract\u00e9e<\/strong> et locale. Certains soirs, vous tomberez peut-\u00eatre sur un groupe de musique ou une session de jam qui <strong>fera de la place un point de rencontre<\/strong> pour les habitants et les visiteurs.  <\/p>\n<p data-start=\"240\" data-end=\"903\">Si vous cherchez l&rsquo;une des <strong>meilleures pizzas de Formentera<\/strong>, ne manquez pas de vous adresser \u00e0 <a href=\"https:\/\/macondoformentera.com\/en\/home\" target=\"_blank\" rel=\"noopener\"><strong data-start=\"556\" data-end=\"567\">Macondo<\/strong><\/a>dans la rue principale de <strong>Sant Ferran<\/strong>, o\u00f9 vous pourrez vous asseoir sous un olivier. Les tables des restaurants sont align\u00e9es le long de la rue, \u00e9clair\u00e9es par des lumi\u00e8res douces qui cr\u00e9ent une <strong>atmosph\u00e8re magique. <\/strong>  <\/p>\n<p data-start=\"240\" data-end=\"903\">Ensuite, nous vous recommandons de vous rendre \u00e0 <a href=\"https:\/\/www.sapanxa.com\/\" target=\"_blank\" rel=\"noopener\"><strong data-start=\"780\" data-end=\"792\">Sa Panxa<\/strong><\/a> pour boire un verre, l&rsquo;un des pr\u00e9f\u00e9r\u00e9s des habitants. Le bar a une <g id=\"gid_3\">ambiance<\/g> <g id=\"gid_2\">alternative<\/g> et <g id=\"gid_3\">cr\u00e9ative<\/g>, avec des murs orn\u00e9s d&rsquo;<g id=\"gid_4\">\u0153uvres d&rsquo;art locales uniques<\/g> qui refl\u00e8tent l <g id=\"gid_5\">&lsquo;\u00e2me boh\u00e9mienne de Formentera<\/g>. Sa <strong>magnifique cour ext\u00e9rieure<\/strong> accueille de la musique en direct, ce qui anime l&rsquo;espace avec des danses et des rires. Loin d&rsquo;\u00eatre un restaurant hupp\u00e9, <strong>cet \u00e9tablissement a du caract\u00e8re<\/strong> et une atmosph\u00e8re authentique et magique, refl\u00e9tant le <strong>v\u00e9ritable esprit de Formentera<\/strong>.   <\/p>\n\t\t\t\t\t\t<\/div>\n\t\t\t\t<\/div>\n\t\t\t\t\t<\/div>\n\t\t\t\t<\/div>\n\t\t<div class=\"elementor-element elementor-element-4a2f7d2 e-flex e-con-boxed e-con e-parent\" data-id=\"4a2f7d2\" data-element_type=\"container\">\n\t\t\t\t\t<div class=\"e-con-inner\">\n\t\t\t\t<div class=\"elementor-element elementor-element-6d4b9f5 elementor-widget elementor-widget-image\" data-id=\"6d4b9f5\" data-element_type=\"widget\" data-widget_type=\"image.default\">\n\t\t\t\t<div class=\"elementor-widget-container\">\n\t\t\t\t\t\t\t\t\t\t<figure class=\"wp-caption\">\n\t\t\t\t\t\t\t\t\t\t<img loading=\"lazy\" decoding=\"async\" width=\"2560\" height=\"1920\" src=\"https:\/\/www.astburyformentera.fr\/blog\/wp-content\/uploads\/2025\/09\/san-ferran-formentera-live-music-sa-panxa-scaled.webp\" class=\"attachment-full size-full wp-image-3063\" alt=\"Live music performance at Sa Panxa bar in Sant Ferran de Ses Roques, Formentera, in the outdoor courtyard at night.\" srcset=\"https:\/\/www.astburyformentera.fr\/blog\/wp-content\/uploads\/2025\/09\/san-ferran-formentera-live-music-sa-panxa-scaled.webp 2560w, https:\/\/www.astburyformentera.fr\/blog\/wp-content\/uploads\/2025\/09\/san-ferran-formentera-live-music-sa-panxa-768x576.webp 768w, https:\/\/www.astburyformentera.fr\/blog\/wp-content\/uploads\/2025\/09\/san-ferran-formentera-live-music-sa-panxa-1536x1152.webp 1536w, https:\/\/www.astburyformentera.fr\/blog\/wp-content\/uploads\/2025\/09\/san-ferran-formentera-live-music-sa-panxa-2048x1536.webp 2048w\" sizes=\"(max-width: 2560px) 100vw, 2560px\" \/>\t\t\t\t\t\t\t\t\t\t\t<figcaption class=\"widget-image-caption wp-caption-text\">Live music performance at Sa Panxa, a popular bar in Sant Ferran de Ses Roques, Formentera, in its beautiful outdoor courtyard.<\/figcaption>\n\t\t\t\t\t\t\t\t\t\t<\/figure>\n\t\t\t\t\t\t\t<\/div>\n\t\t\t\t<\/div>\n\t\t\t\t\t<\/div>\n\t\t\t\t<\/div>\n\t\t\t\t<\/div>\n\t\t","protected":false},"excerpt":{"rendered":"<p>Sant Ferran de Ses Roques : D\u00e9couvrez le village cr\u00e9atif de Formentera Au c\u0153ur de Formentera se trouve un village&#8230;<\/p>\n","protected":false},"author":2,"featured_media":3002,"comment_status":"closed","ping_status":"closed","sticky":false,"template":"","format":"standard","meta":{"footnotes":""},"categories":[98,4],"tags":[],"class_list":["post-3178","post","type-post","status-publish","format-standard","has-post-thumbnail","hentry","category-decouvrez-formentera-votre-guide-de-voyage","category-non-classifiee"],"yoast_head":"<!-- This site is optimized with the Yoast SEO plugin v22.8 - https:\/\/yoast.com\/wordpress\/plugins\/seo\/ -->\n<title>Sant Ferran de Ses Roques : Le village cr\u00e9atif de Formentera<\/title>\n<meta name=\"description\" content=\"D\u00e9couvrez Sant Ferran de Ses Roques, le village cr\u00e9atif de Formentera. Explorez son histoire hippie, ses march\u00e9s artisanaux, sa musique live et ses rues charmantes. D\u00e9couvrez Formentera au-del\u00e0 des plages.\" \/>\n<meta name=\"robots\" content=\"index, follow, max-snippet:-1, max-image-preview:large, max-video-preview:-1\" \/>\n<link rel=\"canonical\" href=\"https:\/\/www.astburyformentera.fr\/blog\/sant-ferran-de-ses-roques-decouvrez-le-village-creatif-de-formentera\/\" \/>\n<meta property=\"og:locale\" content=\"fr_FR\" \/>\n<meta property=\"og:type\" content=\"article\" \/>\n<meta property=\"og:title\" content=\"Sant Ferran de Ses Roques : Le village cr\u00e9atif de Formentera\" \/>\n<meta property=\"og:description\" content=\"D\u00e9couvrez Sant Ferran de Ses Roques, le village cr\u00e9atif de Formentera. Explorez son histoire hippie, ses march\u00e9s artisanaux, sa musique live et ses rues charmantes. D\u00e9couvrez Formentera au-del\u00e0 des plages.\" \/>\n<meta property=\"og:url\" content=\"https:\/\/www.astburyformentera.fr\/blog\/sant-ferran-de-ses-roques-decouvrez-le-village-creatif-de-formentera\/\" \/>\n<meta property=\"og:site_name\" content=\"Island Life\" \/>\n<meta property=\"article:publisher\" content=\"https:\/\/www.facebook.com\/formentera.astbury\/\" \/>\n<meta property=\"article:published_time\" content=\"2025-09-25T13:25:27+00:00\" \/>\n<meta property=\"article:modified_time\" content=\"2025-12-09T11:40:28+00:00\" \/>\n<meta property=\"og:image\" content=\"https:\/\/www.astburyformentera.fr\/blog\/wp-content\/uploads\/2025\/09\/sant-ferran-de-ses-roques-formentera-scaled.webp\" \/>\n\t<meta property=\"og:image:width\" content=\"2560\" \/>\n\t<meta property=\"og:image:height\" content=\"2091\" \/>\n\t<meta property=\"og:image:type\" content=\"image\/webp\" \/>\n<meta name=\"author\" content=\"astburyformentera\" \/>\n<meta name=\"twitter:card\" content=\"summary_large_image\" \/>\n<meta name=\"twitter:label1\" content=\"\u00c9crit par\" \/>\n\t<meta name=\"twitter:data1\" content=\"astburyformentera\" \/>\n\t<meta name=\"twitter:label2\" content=\"Dur\u00e9e de lecture estim\u00e9e\" \/>\n\t<meta name=\"twitter:data2\" content=\"5 minutes\" \/>\n<script type=\"application\/ld+json\" class=\"yoast-schema-graph\">{\"@context\":\"https:\/\/schema.org\",\"@graph\":[{\"@type\":\"Article\",\"@id\":\"https:\/\/www.astburyformentera.fr\/blog\/sant-ferran-de-ses-roques-decouvrez-le-village-creatif-de-formentera\/#article\",\"isPartOf\":{\"@id\":\"https:\/\/www.astburyformentera.fr\/blog\/sant-ferran-de-ses-roques-decouvrez-le-village-creatif-de-formentera\/\"},\"author\":{\"name\":\"astburyformentera\",\"@id\":\"https:\/\/www.astburyformentera.fr\/blog\/#\/schema\/person\/3b7960663a62d882614d380312b77245\"},\"headline\":\"Sant Ferran de Ses Roques : D\u00e9couvrez le village cr\u00e9atif de Formentera\",\"datePublished\":\"2025-09-25T13:25:27+00:00\",\"dateModified\":\"2025-12-09T11:40:28+00:00\",\"mainEntityOfPage\":{\"@id\":\"https:\/\/www.astburyformentera.fr\/blog\/sant-ferran-de-ses-roques-decouvrez-le-village-creatif-de-formentera\/\"},\"wordCount\":1125,\"publisher\":{\"@id\":\"https:\/\/www.astburyformentera.fr\/blog\/#organization\"},\"image\":{\"@id\":\"https:\/\/www.astburyformentera.fr\/blog\/sant-ferran-de-ses-roques-decouvrez-le-village-creatif-de-formentera\/#primaryimage\"},\"thumbnailUrl\":\"https:\/\/www.astburyformentera.fr\/blog\/wp-content\/uploads\/2025\/09\/sant-ferran-de-ses-roques-formentera-scaled.webp\",\"articleSection\":[\"D\u00e9couvrez Formentera : Votre guide de voyage\",\"Non classifi\u00e9(e)\"],\"inLanguage\":\"fr-FR\"},{\"@type\":\"WebPage\",\"@id\":\"https:\/\/www.astburyformentera.fr\/blog\/sant-ferran-de-ses-roques-decouvrez-le-village-creatif-de-formentera\/\",\"url\":\"https:\/\/www.astburyformentera.fr\/blog\/sant-ferran-de-ses-roques-decouvrez-le-village-creatif-de-formentera\/\",\"name\":\"Sant Ferran de Ses Roques : Le village cr\u00e9atif de Formentera\",\"isPartOf\":{\"@id\":\"https:\/\/www.astburyformentera.fr\/blog\/#website\"},\"primaryImageOfPage\":{\"@id\":\"https:\/\/www.astburyformentera.fr\/blog\/sant-ferran-de-ses-roques-decouvrez-le-village-creatif-de-formentera\/#primaryimage\"},\"image\":{\"@id\":\"https:\/\/www.astburyformentera.fr\/blog\/sant-ferran-de-ses-roques-decouvrez-le-village-creatif-de-formentera\/#primaryimage\"},\"thumbnailUrl\":\"https:\/\/www.astburyformentera.fr\/blog\/wp-content\/uploads\/2025\/09\/sant-ferran-de-ses-roques-formentera-scaled.webp\",\"datePublished\":\"2025-09-25T13:25:27+00:00\",\"dateModified\":\"2025-12-09T11:40:28+00:00\",\"description\":\"D\u00e9couvrez Sant Ferran de Ses Roques, le village cr\u00e9atif de Formentera. Explorez son histoire hippie, ses march\u00e9s artisanaux, sa musique live et ses rues charmantes. D\u00e9couvrez Formentera au-del\u00e0 des plages.\",\"breadcrumb\":{\"@id\":\"https:\/\/www.astburyformentera.fr\/blog\/sant-ferran-de-ses-roques-decouvrez-le-village-creatif-de-formentera\/#breadcrumb\"},\"inLanguage\":\"fr-FR\",\"potentialAction\":[{\"@type\":\"ReadAction\",\"target\":[\"https:\/\/www.astburyformentera.fr\/blog\/sant-ferran-de-ses-roques-decouvrez-le-village-creatif-de-formentera\/\"]}]},{\"@type\":\"ImageObject\",\"inLanguage\":\"fr-FR\",\"@id\":\"https:\/\/www.astburyformentera.fr\/blog\/sant-ferran-de-ses-roques-decouvrez-le-village-creatif-de-formentera\/#primaryimage\",\"url\":\"https:\/\/www.astburyformentera.fr\/blog\/wp-content\/uploads\/2025\/09\/sant-ferran-de-ses-roques-formentera-scaled.webp\",\"contentUrl\":\"https:\/\/www.astburyformentera.fr\/blog\/wp-content\/uploads\/2025\/09\/sant-ferran-de-ses-roques-formentera-scaled.webp\",\"width\":2560,\"height\":2091,\"caption\":\"La piazza centrale di Sant Ferran con la sua chiesa, cuore autentico e boh\u00e9mien di Formentera.\"},{\"@type\":\"BreadcrumbList\",\"@id\":\"https:\/\/www.astburyformentera.fr\/blog\/sant-ferran-de-ses-roques-decouvrez-le-village-creatif-de-formentera\/#breadcrumb\",\"itemListElement\":[{\"@type\":\"ListItem\",\"position\":1,\"name\":\"Home\",\"item\":\"https:\/\/www.astburyformentera.fr\/blog\/\"},{\"@type\":\"ListItem\",\"position\":2,\"name\":\"Sant Ferran de Ses Roques : D\u00e9couvrez le village cr\u00e9atif de Formentera\"}]},{\"@type\":\"WebSite\",\"@id\":\"https:\/\/www.astburyformentera.fr\/blog\/#website\",\"url\":\"https:\/\/www.astburyformentera.fr\/blog\/\",\"name\":\"Island Life\",\"description\":\"Astbury Formentera\",\"publisher\":{\"@id\":\"https:\/\/www.astburyformentera.fr\/blog\/#organization\"},\"potentialAction\":[{\"@type\":\"SearchAction\",\"target\":{\"@type\":\"EntryPoint\",\"urlTemplate\":\"https:\/\/www.astburyformentera.fr\/blog\/?s={search_term_string}\"},\"query-input\":\"required name=search_term_string\"}],\"inLanguage\":\"fr-FR\"},{\"@type\":\"Organization\",\"@id\":\"https:\/\/www.astburyformentera.fr\/blog\/#organization\",\"name\":\"Astbury Formentera\",\"url\":\"https:\/\/www.astburyformentera.fr\/blog\/\",\"logo\":{\"@type\":\"ImageObject\",\"inLanguage\":\"fr-FR\",\"@id\":\"https:\/\/www.astburyformentera.fr\/blog\/#\/schema\/logo\/image\/\",\"url\":\"https:\/\/www.astburyformentera.fr\/blog\/wp-content\/uploads\/2024\/06\/Astbury_Main_Logo.jpg\",\"contentUrl\":\"https:\/\/www.astburyformentera.fr\/blog\/wp-content\/uploads\/2024\/06\/Astbury_Main_Logo.jpg\",\"width\":591,\"height\":794,\"caption\":\"Astbury Formentera\"},\"image\":{\"@id\":\"https:\/\/www.astburyformentera.fr\/blog\/#\/schema\/logo\/image\/\"},\"sameAs\":[\"https:\/\/www.facebook.com\/formentera.astbury\/\",\"https:\/\/www.instagram.com\/astburyformentera\/\"]},{\"@type\":\"Person\",\"@id\":\"https:\/\/www.astburyformentera.fr\/blog\/#\/schema\/person\/3b7960663a62d882614d380312b77245\",\"name\":\"astburyformentera\",\"image\":{\"@type\":\"ImageObject\",\"inLanguage\":\"fr-FR\",\"@id\":\"https:\/\/www.astburyformentera.fr\/blog\/#\/schema\/person\/image\/\",\"url\":\"https:\/\/secure.gravatar.com\/avatar\/e7a2190fae75b01f080821e9e7053a7d131f6f71b9d3654542a5a42f29c8a000?s=96&d=mm&r=g\",\"contentUrl\":\"https:\/\/secure.gravatar.com\/avatar\/e7a2190fae75b01f080821e9e7053a7d131f6f71b9d3654542a5a42f29c8a000?s=96&d=mm&r=g\",\"caption\":\"astburyformentera\"},\"url\":\"https:\/\/www.astburyformentera.fr\/blog\/author\/astburyformentera\/\"}]}<\/script>\n<!-- \/ Yoast SEO plugin. -->","yoast_head_json":{"title":"Sant Ferran de Ses Roques : Le village cr\u00e9atif de Formentera","description":"D\u00e9couvrez Sant Ferran de Ses Roques, le village cr\u00e9atif de Formentera. Explorez son histoire hippie, ses march\u00e9s artisanaux, sa musique live et ses rues charmantes. D\u00e9couvrez Formentera au-del\u00e0 des plages.","robots":{"index":"index","follow":"follow","max-snippet":"max-snippet:-1","max-image-preview":"max-image-preview:large","max-video-preview":"max-video-preview:-1"},"canonical":"https:\/\/www.astburyformentera.fr\/blog\/sant-ferran-de-ses-roques-decouvrez-le-village-creatif-de-formentera\/","og_locale":"fr_FR","og_type":"article","og_title":"Sant Ferran de Ses Roques : Le village cr\u00e9atif de Formentera","og_description":"D\u00e9couvrez Sant Ferran de Ses Roques, le village cr\u00e9atif de Formentera. Explorez son histoire hippie, ses march\u00e9s artisanaux, sa musique live et ses rues charmantes. D\u00e9couvrez Formentera au-del\u00e0 des plages.","og_url":"https:\/\/www.astburyformentera.fr\/blog\/sant-ferran-de-ses-roques-decouvrez-le-village-creatif-de-formentera\/","og_site_name":"Island Life","article_publisher":"https:\/\/www.facebook.com\/formentera.astbury\/","article_published_time":"2025-09-25T13:25:27+00:00","article_modified_time":"2025-12-09T11:40:28+00:00","og_image":[{"width":2560,"height":2091,"url":"https:\/\/www.astburyformentera.fr\/blog\/wp-content\/uploads\/2025\/09\/sant-ferran-de-ses-roques-formentera-scaled.webp","type":"image\/webp"}],"author":"astburyformentera","twitter_card":"summary_large_image","twitter_misc":{"\u00c9crit par":"astburyformentera","Dur\u00e9e de lecture estim\u00e9e":"5 minutes"},"schema":{"@context":"https:\/\/schema.org","@graph":[{"@type":"Article","@id":"https:\/\/www.astburyformentera.fr\/blog\/sant-ferran-de-ses-roques-decouvrez-le-village-creatif-de-formentera\/#article","isPartOf":{"@id":"https:\/\/www.astburyformentera.fr\/blog\/sant-ferran-de-ses-roques-decouvrez-le-village-creatif-de-formentera\/"},"author":{"name":"astburyformentera","@id":"https:\/\/www.astburyformentera.fr\/blog\/#\/schema\/person\/3b7960663a62d882614d380312b77245"},"headline":"Sant Ferran de Ses Roques : D\u00e9couvrez le village cr\u00e9atif de Formentera","datePublished":"2025-09-25T13:25:27+00:00","dateModified":"2025-12-09T11:40:28+00:00","mainEntityOfPage":{"@id":"https:\/\/www.astburyformentera.fr\/blog\/sant-ferran-de-ses-roques-decouvrez-le-village-creatif-de-formentera\/"},"wordCount":1125,"publisher":{"@id":"https:\/\/www.astburyformentera.fr\/blog\/#organization"},"image":{"@id":"https:\/\/www.astburyformentera.fr\/blog\/sant-ferran-de-ses-roques-decouvrez-le-village-creatif-de-formentera\/#primaryimage"},"thumbnailUrl":"https:\/\/www.astburyformentera.fr\/blog\/wp-content\/uploads\/2025\/09\/sant-ferran-de-ses-roques-formentera-scaled.webp","articleSection":["D\u00e9couvrez Formentera : Votre guide de voyage","Non classifi\u00e9(e)"],"inLanguage":"fr-FR"},{"@type":"WebPage","@id":"https:\/\/www.astburyformentera.fr\/blog\/sant-ferran-de-ses-roques-decouvrez-le-village-creatif-de-formentera\/","url":"https:\/\/www.astburyformentera.fr\/blog\/sant-ferran-de-ses-roques-decouvrez-le-village-creatif-de-formentera\/","name":"Sant Ferran de Ses Roques : Le village cr\u00e9atif de Formentera","isPartOf":{"@id":"https:\/\/www.astburyformentera.fr\/blog\/#website"},"primaryImageOfPage":{"@id":"https:\/\/www.astburyformentera.fr\/blog\/sant-ferran-de-ses-roques-decouvrez-le-village-creatif-de-formentera\/#primaryimage"},"image":{"@id":"https:\/\/www.astburyformentera.fr\/blog\/sant-ferran-de-ses-roques-decouvrez-le-village-creatif-de-formentera\/#primaryimage"},"thumbnailUrl":"https:\/\/www.astburyformentera.fr\/blog\/wp-content\/uploads\/2025\/09\/sant-ferran-de-ses-roques-formentera-scaled.webp","datePublished":"2025-09-25T13:25:27+00:00","dateModified":"2025-12-09T11:40:28+00:00","description":"D\u00e9couvrez Sant Ferran de Ses Roques, le village cr\u00e9atif de Formentera. Explorez son histoire hippie, ses march\u00e9s artisanaux, sa musique live et ses rues charmantes. D\u00e9couvrez Formentera au-del\u00e0 des plages.","breadcrumb":{"@id":"https:\/\/www.astburyformentera.fr\/blog\/sant-ferran-de-ses-roques-decouvrez-le-village-creatif-de-formentera\/#breadcrumb"},"inLanguage":"fr-FR","potentialAction":[{"@type":"ReadAction","target":["https:\/\/www.astburyformentera.fr\/blog\/sant-ferran-de-ses-roques-decouvrez-le-village-creatif-de-formentera\/"]}]},{"@type":"ImageObject","inLanguage":"fr-FR","@id":"https:\/\/www.astburyformentera.fr\/blog\/sant-ferran-de-ses-roques-decouvrez-le-village-creatif-de-formentera\/#primaryimage","url":"https:\/\/www.astburyformentera.fr\/blog\/wp-content\/uploads\/2025\/09\/sant-ferran-de-ses-roques-formentera-scaled.webp","contentUrl":"https:\/\/www.astburyformentera.fr\/blog\/wp-content\/uploads\/2025\/09\/sant-ferran-de-ses-roques-formentera-scaled.webp","width":2560,"height":2091,"caption":"La piazza centrale di Sant Ferran con la sua chiesa, cuore autentico e boh\u00e9mien di Formentera."},{"@type":"BreadcrumbList","@id":"https:\/\/www.astburyformentera.fr\/blog\/sant-ferran-de-ses-roques-decouvrez-le-village-creatif-de-formentera\/#breadcrumb","itemListElement":[{"@type":"ListItem","position":1,"name":"Home","item":"https:\/\/www.astburyformentera.fr\/blog\/"},{"@type":"ListItem","position":2,"name":"Sant Ferran de Ses Roques : D\u00e9couvrez le village cr\u00e9atif de Formentera"}]},{"@type":"WebSite","@id":"https:\/\/www.astburyformentera.fr\/blog\/#website","url":"https:\/\/www.astburyformentera.fr\/blog\/","name":"Island Life","description":"Astbury Formentera","publisher":{"@id":"https:\/\/www.astburyformentera.fr\/blog\/#organization"},"potentialAction":[{"@type":"SearchAction","target":{"@type":"EntryPoint","urlTemplate":"https:\/\/www.astburyformentera.fr\/blog\/?s={search_term_string}"},"query-input":"required name=search_term_string"}],"inLanguage":"fr-FR"},{"@type":"Organization","@id":"https:\/\/www.astburyformentera.fr\/blog\/#organization","name":"Astbury Formentera","url":"https:\/\/www.astburyformentera.fr\/blog\/","logo":{"@type":"ImageObject","inLanguage":"fr-FR","@id":"https:\/\/www.astburyformentera.fr\/blog\/#\/schema\/logo\/image\/","url":"https:\/\/www.astburyformentera.fr\/blog\/wp-content\/uploads\/2024\/06\/Astbury_Main_Logo.jpg","contentUrl":"https:\/\/www.astburyformentera.fr\/blog\/wp-content\/uploads\/2024\/06\/Astbury_Main_Logo.jpg","width":591,"height":794,"caption":"Astbury Formentera"},"image":{"@id":"https:\/\/www.astburyformentera.fr\/blog\/#\/schema\/logo\/image\/"},"sameAs":["https:\/\/www.facebook.com\/formentera.astbury\/","https:\/\/www.instagram.com\/astburyformentera\/"]},{"@type":"Person","@id":"https:\/\/www.astburyformentera.fr\/blog\/#\/schema\/person\/3b7960663a62d882614d380312b77245","name":"astburyformentera","image":{"@type":"ImageObject","inLanguage":"fr-FR","@id":"https:\/\/www.astburyformentera.fr\/blog\/#\/schema\/person\/image\/","url":"https:\/\/secure.gravatar.com\/avatar\/e7a2190fae75b01f080821e9e7053a7d131f6f71b9d3654542a5a42f29c8a000?s=96&d=mm&r=g","contentUrl":"https:\/\/secure.gravatar.com\/avatar\/e7a2190fae75b01f080821e9e7053a7d131f6f71b9d3654542a5a42f29c8a000?s=96&d=mm&r=g","caption":"astburyformentera"},"url":"https:\/\/www.astburyformentera.fr\/blog\/author\/astburyformentera\/"}]}},"_links":{"self":[{"href":"https:\/\/www.astburyformentera.fr\/blog\/wp-json\/wp\/v2\/posts\/3178","targetHints":{"allow":["GET"]}}],"collection":[{"href":"https:\/\/www.astburyformentera.fr\/blog\/wp-json\/wp\/v2\/posts"}],"about":[{"href":"https:\/\/www.astburyformentera.fr\/blog\/wp-json\/wp\/v2\/types\/post"}],"author":[{"embeddable":true,"href":"https:\/\/www.astburyformentera.fr\/blog\/wp-json\/wp\/v2\/users\/2"}],"replies":[{"embeddable":true,"href":"https:\/\/www.astburyformentera.fr\/blog\/wp-json\/wp\/v2\/comments?post=3178"}],"version-history":[{"count":1,"href":"https:\/\/www.astburyformentera.fr\/blog\/wp-json\/wp\/v2\/posts\/3178\/revisions"}],"predecessor-version":[{"id":3179,"href":"https:\/\/www.astburyformentera.fr\/blog\/wp-json\/wp\/v2\/posts\/3178\/revisions\/3179"}],"wp:featuredmedia":[{"embeddable":true,"href":"https:\/\/www.astburyformentera.fr\/blog\/wp-json\/wp\/v2\/media\/3002"}],"wp:attachment":[{"href":"https:\/\/www.astburyformentera.fr\/blog\/wp-json\/wp\/v2\/media?parent=3178"}],"wp:term":[{"taxonomy":"category","embeddable":true,"href":"https:\/\/www.astburyformentera.fr\/blog\/wp-json\/wp\/v2\/categories?post=3178"},{"taxonomy":"post_tag","embeddable":true,"href":"https:\/\/www.astburyformentera.fr\/blog\/wp-json\/wp\/v2\/tags?post=3178"}],"curies":[{"name":"wp","href":"https:\/\/api.w.org\/{rel}","templated":true}]}}