
{"id":2761,"date":"2025-08-29T16:42:12","date_gmt":"2025-08-29T16:42:12","guid":{"rendered":"https:\/\/www.astburyformentera.co.uk\/blog\/calo-des-mort\/"},"modified":"2025-09-01T13:55:35","modified_gmt":"2025-09-01T13:55:35","slug":"calo-des-mort","status":"publish","type":"post","link":"https:\/\/www.astburyformentera.fr\/blog\/calo-des-mort\/","title":{"rendered":"Cal\u00f3 Des Mort"},"content":{"rendered":"\t\t<div data-elementor-type=\"wp-post\" data-elementor-id=\"2761\" class=\"elementor elementor-2761 elementor-2727\">\n\t\t\t\t<div class=\"elementor-element elementor-element-140944a2 e-flex e-con-boxed e-con e-parent\" data-id=\"140944a2\" data-element_type=\"container\">\n\t\t\t\t\t<div class=\"e-con-inner\">\n\t\t\t\t<div class=\"elementor-element elementor-element-3df2c7b5 elementor-widget elementor-widget-text-editor\" data-id=\"3df2c7b5\" data-element_type=\"widget\" data-widget_type=\"text-editor.default\">\n\t\t\t\t<div class=\"elementor-widget-container\">\n\t\t\t<style>\/*! elementor - v3.23.0 - 15-07-2024 *\/\n.elementor-widget-text-editor.elementor-drop-cap-view-stacked .elementor-drop-cap{background-color:#69727d;color:#fff}.elementor-widget-text-editor.elementor-drop-cap-view-framed .elementor-drop-cap{color:#69727d;border:3px solid;background-color:transparent}.elementor-widget-text-editor:not(.elementor-drop-cap-view-default) .elementor-drop-cap{margin-top:8px}.elementor-widget-text-editor:not(.elementor-drop-cap-view-default) .elementor-drop-cap-letter{width:1em;height:1em}.elementor-widget-text-editor .elementor-drop-cap{float:left;text-align:center;line-height:1;font-size:50px}.elementor-widget-text-editor .elementor-drop-cap-letter{display:inline-block}<\/style>\t\t\t\t<h1>Cal\u00f3 des Mort, un petit tr\u00e9sor de Formentera<\/h1><\/p>\n\t\t\t\t\t\t<\/div>\n\t\t\t\t<\/div>\n\t\t\t\t\t<\/div>\n\t\t\t\t<\/div>\n\t\t<div class=\"elementor-element elementor-element-892b687 e-flex e-con-boxed e-con e-parent\" data-id=\"892b687\" data-element_type=\"container\">\n\t\t\t\t\t<div class=\"e-con-inner\">\n\t\t\t\t<div class=\"elementor-element elementor-element-17ec67f elementor-widget elementor-widget-image\" data-id=\"17ec67f\" data-element_type=\"widget\" data-widget_type=\"image.default\">\n\t\t\t\t<div class=\"elementor-widget-container\">\n\t\t\t<style>\/*! elementor - v3.23.0 - 15-07-2024 *\/\n.elementor-widget-image{text-align:center}.elementor-widget-image a{display:inline-block}.elementor-widget-image a img[src$=\".svg\"]{width:48px}.elementor-widget-image img{vertical-align:middle;display:inline-block}<\/style>\t\t\t\t\t\t\t<figure class=\"wp-caption\">\n\t\t\t\t\t\t\t\t\t\t<img fetchpriority=\"high\" decoding=\"async\" width=\"2560\" height=\"1920\" src=\"https:\/\/www.astburyformentera.fr\/blog\/wp-content\/uploads\/2025\/08\/calo-des-mort-formentera-beach-1-scaled.webp\" class=\"attachment-full size-full wp-image-2738\" alt=\"Cal\u00f3 des Mort, hidden cove in Formentera with reddish rocks and turquoise water under clear skies.\" srcset=\"https:\/\/www.astburyformentera.fr\/blog\/wp-content\/uploads\/2025\/08\/calo-des-mort-formentera-beach-1-scaled.webp 2560w, https:\/\/www.astburyformentera.fr\/blog\/wp-content\/uploads\/2025\/08\/calo-des-mort-formentera-beach-1-768x576.webp 768w, https:\/\/www.astburyformentera.fr\/blog\/wp-content\/uploads\/2025\/08\/calo-des-mort-formentera-beach-1-1536x1152.webp 1536w, https:\/\/www.astburyformentera.fr\/blog\/wp-content\/uploads\/2025\/08\/calo-des-mort-formentera-beach-1-2048x1536.webp 2048w\" sizes=\"(max-width: 2560px) 100vw, 2560px\" \/>\t\t\t\t\t\t\t\t\t\t\t<figcaption class=\"widget-image-caption wp-caption-text\">Cal\u00f3 des Mort beach, Formentera<\/figcaption>\n\t\t\t\t\t\t\t\t\t\t<\/figure>\n\t\t\t\t\t\t\t<\/div>\n\t\t\t\t<\/div>\n\t\t\t\t\t<\/div>\n\t\t\t\t<\/div>\n\t\t<div class=\"elementor-element elementor-element-5e2c121 e-flex e-con-boxed e-con e-parent\" data-id=\"5e2c121\" data-element_type=\"container\">\n\t\t\t\t\t<div class=\"e-con-inner\">\n\t\t\t\t<div class=\"elementor-element elementor-element-3f7e4c2 elementor-widget elementor-widget-text-editor\" data-id=\"3f7e4c2\" data-element_type=\"widget\" data-widget_type=\"text-editor.default\">\n\t\t\t\t<div class=\"elementor-widget-container\">\n\t\t\t\t\t\t\t<p><strong>Cal\u00f3 Des Mort<\/strong> se trouve dans la partie la plus orientale de la <strong>plage de Migjorn<\/strong> et est l&rsquo;une des plages les plus appr\u00e9ci\u00e9es de Formentera. Il s&rsquo;agit d&rsquo;une petite plage de 20 m\u00e8tres de long sur 5 m\u00e8tres de large, situ\u00e9e \u00e0 quelques m\u00e8tres en dessous des falaises de gr\u00e8s typiques de cette zone de <strong>Migjorn<\/strong>. Cette <strong>crique spectaculaire<\/strong> est tr\u00e8s petite et quelque peu cach\u00e9e, mais cela ne d\u00e9courage pas les gens de la visiter. Les roches rouge\u00e2tres et la mer, riche en nuances allant du bleu profond au turquoise, font de cette partie du littoral un v\u00e9ritable joyau de la nature. La vue est d\u00e9j\u00e0 un cadeau pour les yeux et l&rsquo;\u00e2me.    <\/p>\n<p>La rumeur veut que <strong>Cal\u00f3 Des Mort<\/strong> ait \u00e9t\u00e9 un refuge pour les pirates et leurs tr\u00e9sors. Cette l\u00e9gende ajoute encore \u00e0 la magie de cette magnifique crique et en fait <strong>un lieu incontournable de Formentera<\/strong>.<\/p>\n<h2>Conseils pour visiter le Cal\u00f3 des Mort :<\/h2>\n<ul>\n<li data-start=\"1329\" data-end=\"1468\">\n<p data-start=\"1331\" data-end=\"1468\"><strong data-start=\"1331\" data-end=\"1351\">Meilleur moment pour y aller :<\/strong> t\u00f4t le matin ou en fin d&rsquo;apr\u00e8s-midi. \u00c0 ces heures, la lumi\u00e8re est magnifique et la plage est plus calme. <\/p>\n<\/li>\n<li data-start=\"1469\" data-end=\"1613\">\n<p data-start=\"1471\" data-end=\"1613\"><strong data-start=\"1471\" data-end=\"1491\">Comment y acc\u00e9der :<\/strong> suivez la route jusqu&rsquo;\u00e0 la plage de Migjorn, puis prenez le petit sentier qui descend le long des falaises. La descente est facile, mais portez de bonnes chaussures. <\/p>\n<\/li>\n<li style=\"font-weight: 400;\" aria-level=\"1\"><b>Id\u00e9e d&rsquo;apr\u00e8s-visite :<\/b><span style=\"font-weight: 400;\"> Terminez votre journ\u00e9e en visitant <\/span><b>Chiringuito Bartolo<\/b><span style=\"font-weight: 400;\">\u00e0 quelques minutes de marche de <strong>Calo&rsquo; des Mort.<\/strong> Il est situ\u00e9 sur les rochers, presque au bord de l&rsquo;eau. Prenez un cocktail, sentez la brise et regardez la mer s&rsquo;illuminer des couleurs du <strong>coucher de soleil<\/strong> pendant que la bande-son parfaite joue en arri\u00e8re-plan.   <\/span><span style=\"font-weight: 400;\"><br \/><\/span><\/li>\n<\/ul>\n\t\t\t\t\t\t<\/div>\n\t\t\t\t<\/div>\n\t\t\t\t\t<\/div>\n\t\t\t\t<\/div>\n\t\t<div class=\"elementor-element elementor-element-c65491e e-flex e-con-boxed e-con e-parent\" data-id=\"c65491e\" data-element_type=\"container\">\n\t\t\t\t\t<div class=\"e-con-inner\">\n\t\t\t\t<div class=\"elementor-element elementor-element-3e1aa62 elementor-widget elementor-widget-image\" data-id=\"3e1aa62\" data-element_type=\"widget\" data-widget_type=\"image.default\">\n\t\t\t\t<div class=\"elementor-widget-container\">\n\t\t\t\t\t\t\t\t\t\t<figure class=\"wp-caption\">\n\t\t\t\t\t\t\t\t\t\t<img decoding=\"async\" width=\"2560\" height=\"2035\" src=\"https:\/\/www.astburyformentera.fr\/blog\/wp-content\/uploads\/2025\/08\/chiringuito-bartolo-at-sunset-formentera-scaled.webp\" class=\"attachment-full size-full wp-image-2744\" alt=\"Chiringuito Bartolo, a bar on the rocks in Formentera with sunset colours reflecting on the sea.\" srcset=\"https:\/\/www.astburyformentera.fr\/blog\/wp-content\/uploads\/2025\/08\/chiringuito-bartolo-at-sunset-formentera-scaled.webp 2560w, https:\/\/www.astburyformentera.fr\/blog\/wp-content\/uploads\/2025\/08\/chiringuito-bartolo-at-sunset-formentera-768x610.webp 768w, https:\/\/www.astburyformentera.fr\/blog\/wp-content\/uploads\/2025\/08\/chiringuito-bartolo-at-sunset-formentera-1536x1221.webp 1536w, https:\/\/www.astburyformentera.fr\/blog\/wp-content\/uploads\/2025\/08\/chiringuito-bartolo-at-sunset-formentera-2048x1628.webp 2048w\" sizes=\"(max-width: 2560px) 100vw, 2560px\" \/>\t\t\t\t\t\t\t\t\t\t\t<figcaption class=\"widget-image-caption wp-caption-text\">Chiringuito Bartolo in Formentera, as the sun sets over the turquoise sea.<\/figcaption>\n\t\t\t\t\t\t\t\t\t\t<\/figure>\n\t\t\t\t\t\t\t<\/div>\n\t\t\t\t<\/div>\n\t\t\t\t\t<\/div>\n\t\t\t\t<\/div>\n\t\t\t\t<\/div>\n\t\t","protected":false},"excerpt":{"rendered":"<p>Cal\u00f3 des Mort, un petit tr\u00e9sor de Formentera Cal\u00f3 des Mort beach, Formentera Cal\u00f3 Des Mort se trouve dans la&#8230;<\/p>\n","protected":false},"author":2,"featured_media":2738,"comment_status":"closed","ping_status":"closed","sticky":false,"template":"","format":"standard","meta":{"footnotes":""},"categories":[38,131,4],"tags":[],"class_list":["post-2761","post","type-post","status-publish","format-standard","has-post-thumbnail","hentry","category-beaches-of-formentera-fr","category-conseils-de-voyage-et-informations-sur-formentera","category-non-classifiee"],"yoast_head":"<!-- This site is optimized with the Yoast SEO plugin v22.8 - https:\/\/yoast.com\/wordpress\/plugins\/seo\/ -->\n<title>Plage de Calo&#039; des Mort - Astbury Formentera<\/title>\n<meta name=\"description\" content=\"D\u00e9couvrez tout ce que vous devez savoir sur le Cal\u00f3 des Mort, une crique cach\u00e9e de Formentera, et sur le Chiringuito Bartolo, situ\u00e9 \u00e0 proximit\u00e9, o\u00f9 vous pourrez d\u00e9guster des cocktails avec une vue magique sur le coucher de soleil.\" \/>\n<meta name=\"robots\" content=\"index, follow, max-snippet:-1, max-image-preview:large, max-video-preview:-1\" \/>\n<link rel=\"canonical\" href=\"https:\/\/www.astburyformentera.fr\/blog\/calo-des-mort\/\" \/>\n<meta property=\"og:locale\" content=\"fr_FR\" \/>\n<meta property=\"og:type\" content=\"article\" \/>\n<meta property=\"og:title\" content=\"Plage de Calo&#039; des Mort - Astbury Formentera\" \/>\n<meta property=\"og:description\" content=\"D\u00e9couvrez tout ce que vous devez savoir sur le Cal\u00f3 des Mort, une crique cach\u00e9e de Formentera, et sur le Chiringuito Bartolo, situ\u00e9 \u00e0 proximit\u00e9, o\u00f9 vous pourrez d\u00e9guster des cocktails avec une vue magique sur le coucher de soleil.\" \/>\n<meta property=\"og:url\" content=\"https:\/\/www.astburyformentera.fr\/blog\/calo-des-mort\/\" \/>\n<meta property=\"og:site_name\" content=\"Island Life\" \/>\n<meta property=\"article:publisher\" content=\"https:\/\/www.facebook.com\/formentera.astbury\/\" \/>\n<meta property=\"article:published_time\" content=\"2025-08-29T16:42:12+00:00\" \/>\n<meta property=\"article:modified_time\" content=\"2025-09-01T13:55:35+00:00\" \/>\n<meta property=\"og:image\" content=\"https:\/\/www.astburyformentera.fr\/blog\/wp-content\/uploads\/2025\/08\/calo-des-mort-formentera-beach-1-scaled.webp\" \/>\n\t<meta property=\"og:image:width\" content=\"2560\" \/>\n\t<meta property=\"og:image:height\" content=\"1920\" \/>\n\t<meta property=\"og:image:type\" content=\"image\/webp\" \/>\n<meta name=\"author\" content=\"astburyformentera\" \/>\n<meta name=\"twitter:card\" content=\"summary_large_image\" \/>\n<meta name=\"twitter:label1\" content=\"\u00c9crit par\" \/>\n\t<meta name=\"twitter:data1\" content=\"astburyformentera\" \/>\n\t<meta name=\"twitter:label2\" content=\"Dur\u00e9e de lecture estim\u00e9e\" \/>\n\t<meta name=\"twitter:data2\" content=\"2 minutes\" \/>\n<script type=\"application\/ld+json\" class=\"yoast-schema-graph\">{\"@context\":\"https:\/\/schema.org\",\"@graph\":[{\"@type\":\"Article\",\"@id\":\"https:\/\/www.astburyformentera.fr\/blog\/calo-des-mort\/#article\",\"isPartOf\":{\"@id\":\"https:\/\/www.astburyformentera.fr\/blog\/calo-des-mort\/\"},\"author\":{\"name\":\"astburyformentera\",\"@id\":\"https:\/\/www.astburyformentera.fr\/blog\/#\/schema\/person\/3b7960663a62d882614d380312b77245\"},\"headline\":\"Cal\u00f3 Des Mort\",\"datePublished\":\"2025-08-29T16:42:12+00:00\",\"dateModified\":\"2025-09-01T13:55:35+00:00\",\"mainEntityOfPage\":{\"@id\":\"https:\/\/www.astburyformentera.fr\/blog\/calo-des-mort\/\"},\"wordCount\":325,\"publisher\":{\"@id\":\"https:\/\/www.astburyformentera.fr\/blog\/#organization\"},\"image\":{\"@id\":\"https:\/\/www.astburyformentera.fr\/blog\/calo-des-mort\/#primaryimage\"},\"thumbnailUrl\":\"https:\/\/www.astburyformentera.fr\/blog\/wp-content\/uploads\/2025\/08\/calo-des-mort-formentera-beach-1-scaled.webp\",\"articleSection\":[\"Beaches of Formentera\",\"Conseils de voyage et informations sur Formentera\",\"Non classifi\u00e9(e)\"],\"inLanguage\":\"fr-FR\"},{\"@type\":\"WebPage\",\"@id\":\"https:\/\/www.astburyformentera.fr\/blog\/calo-des-mort\/\",\"url\":\"https:\/\/www.astburyformentera.fr\/blog\/calo-des-mort\/\",\"name\":\"Plage de Calo' des Mort - Astbury Formentera\",\"isPartOf\":{\"@id\":\"https:\/\/www.astburyformentera.fr\/blog\/#website\"},\"primaryImageOfPage\":{\"@id\":\"https:\/\/www.astburyformentera.fr\/blog\/calo-des-mort\/#primaryimage\"},\"image\":{\"@id\":\"https:\/\/www.astburyformentera.fr\/blog\/calo-des-mort\/#primaryimage\"},\"thumbnailUrl\":\"https:\/\/www.astburyformentera.fr\/blog\/wp-content\/uploads\/2025\/08\/calo-des-mort-formentera-beach-1-scaled.webp\",\"datePublished\":\"2025-08-29T16:42:12+00:00\",\"dateModified\":\"2025-09-01T13:55:35+00:00\",\"description\":\"D\u00e9couvrez tout ce que vous devez savoir sur le Cal\u00f3 des Mort, une crique cach\u00e9e de Formentera, et sur le Chiringuito Bartolo, situ\u00e9 \u00e0 proximit\u00e9, o\u00f9 vous pourrez d\u00e9guster des cocktails avec une vue magique sur le coucher de soleil.\",\"breadcrumb\":{\"@id\":\"https:\/\/www.astburyformentera.fr\/blog\/calo-des-mort\/#breadcrumb\"},\"inLanguage\":\"fr-FR\",\"potentialAction\":[{\"@type\":\"ReadAction\",\"target\":[\"https:\/\/www.astburyformentera.fr\/blog\/calo-des-mort\/\"]}]},{\"@type\":\"ImageObject\",\"inLanguage\":\"fr-FR\",\"@id\":\"https:\/\/www.astburyformentera.fr\/blog\/calo-des-mort\/#primaryimage\",\"url\":\"https:\/\/www.astburyformentera.fr\/blog\/wp-content\/uploads\/2025\/08\/calo-des-mort-formentera-beach-1-scaled.webp\",\"contentUrl\":\"https:\/\/www.astburyformentera.fr\/blog\/wp-content\/uploads\/2025\/08\/calo-des-mort-formentera-beach-1-scaled.webp\",\"width\":2560,\"height\":1920,\"caption\":\"Cal\u00f3 des Mort beach, Formentera\"},{\"@type\":\"BreadcrumbList\",\"@id\":\"https:\/\/www.astburyformentera.fr\/blog\/calo-des-mort\/#breadcrumb\",\"itemListElement\":[{\"@type\":\"ListItem\",\"position\":1,\"name\":\"Home\",\"item\":\"https:\/\/www.astburyformentera.fr\/blog\/\"},{\"@type\":\"ListItem\",\"position\":2,\"name\":\"Cal\u00f3 Des Mort\"}]},{\"@type\":\"WebSite\",\"@id\":\"https:\/\/www.astburyformentera.fr\/blog\/#website\",\"url\":\"https:\/\/www.astburyformentera.fr\/blog\/\",\"name\":\"Island Life\",\"description\":\"Astbury Formentera\",\"publisher\":{\"@id\":\"https:\/\/www.astburyformentera.fr\/blog\/#organization\"},\"potentialAction\":[{\"@type\":\"SearchAction\",\"target\":{\"@type\":\"EntryPoint\",\"urlTemplate\":\"https:\/\/www.astburyformentera.fr\/blog\/?s={search_term_string}\"},\"query-input\":\"required name=search_term_string\"}],\"inLanguage\":\"fr-FR\"},{\"@type\":\"Organization\",\"@id\":\"https:\/\/www.astburyformentera.fr\/blog\/#organization\",\"name\":\"Astbury Formentera\",\"url\":\"https:\/\/www.astburyformentera.fr\/blog\/\",\"logo\":{\"@type\":\"ImageObject\",\"inLanguage\":\"fr-FR\",\"@id\":\"https:\/\/www.astburyformentera.fr\/blog\/#\/schema\/logo\/image\/\",\"url\":\"https:\/\/www.astburyformentera.fr\/blog\/wp-content\/uploads\/2024\/06\/Astbury_Main_Logo.jpg\",\"contentUrl\":\"https:\/\/www.astburyformentera.fr\/blog\/wp-content\/uploads\/2024\/06\/Astbury_Main_Logo.jpg\",\"width\":591,\"height\":794,\"caption\":\"Astbury Formentera\"},\"image\":{\"@id\":\"https:\/\/www.astburyformentera.fr\/blog\/#\/schema\/logo\/image\/\"},\"sameAs\":[\"https:\/\/www.facebook.com\/formentera.astbury\/\",\"https:\/\/www.instagram.com\/astburyformentera\/\"]},{\"@type\":\"Person\",\"@id\":\"https:\/\/www.astburyformentera.fr\/blog\/#\/schema\/person\/3b7960663a62d882614d380312b77245\",\"name\":\"astburyformentera\",\"image\":{\"@type\":\"ImageObject\",\"inLanguage\":\"fr-FR\",\"@id\":\"https:\/\/www.astburyformentera.fr\/blog\/#\/schema\/person\/image\/\",\"url\":\"https:\/\/secure.gravatar.com\/avatar\/e7a2190fae75b01f080821e9e7053a7d131f6f71b9d3654542a5a42f29c8a000?s=96&d=mm&r=g\",\"contentUrl\":\"https:\/\/secure.gravatar.com\/avatar\/e7a2190fae75b01f080821e9e7053a7d131f6f71b9d3654542a5a42f29c8a000?s=96&d=mm&r=g\",\"caption\":\"astburyformentera\"},\"url\":\"https:\/\/www.astburyformentera.fr\/blog\/author\/astburyformentera\/\"}]}<\/script>\n<!-- \/ Yoast SEO plugin. -->","yoast_head_json":{"title":"Plage de Calo' des Mort - Astbury Formentera","description":"D\u00e9couvrez tout ce que vous devez savoir sur le Cal\u00f3 des Mort, une crique cach\u00e9e de Formentera, et sur le Chiringuito Bartolo, situ\u00e9 \u00e0 proximit\u00e9, o\u00f9 vous pourrez d\u00e9guster des cocktails avec une vue magique sur le coucher de soleil.","robots":{"index":"index","follow":"follow","max-snippet":"max-snippet:-1","max-image-preview":"max-image-preview:large","max-video-preview":"max-video-preview:-1"},"canonical":"https:\/\/www.astburyformentera.fr\/blog\/calo-des-mort\/","og_locale":"fr_FR","og_type":"article","og_title":"Plage de Calo' des Mort - Astbury Formentera","og_description":"D\u00e9couvrez tout ce que vous devez savoir sur le Cal\u00f3 des Mort, une crique cach\u00e9e de Formentera, et sur le Chiringuito Bartolo, situ\u00e9 \u00e0 proximit\u00e9, o\u00f9 vous pourrez d\u00e9guster des cocktails avec une vue magique sur le coucher de soleil.","og_url":"https:\/\/www.astburyformentera.fr\/blog\/calo-des-mort\/","og_site_name":"Island Life","article_publisher":"https:\/\/www.facebook.com\/formentera.astbury\/","article_published_time":"2025-08-29T16:42:12+00:00","article_modified_time":"2025-09-01T13:55:35+00:00","og_image":[{"width":2560,"height":1920,"url":"https:\/\/www.astburyformentera.fr\/blog\/wp-content\/uploads\/2025\/08\/calo-des-mort-formentera-beach-1-scaled.webp","type":"image\/webp"}],"author":"astburyformentera","twitter_card":"summary_large_image","twitter_misc":{"\u00c9crit par":"astburyformentera","Dur\u00e9e de lecture estim\u00e9e":"2 minutes"},"schema":{"@context":"https:\/\/schema.org","@graph":[{"@type":"Article","@id":"https:\/\/www.astburyformentera.fr\/blog\/calo-des-mort\/#article","isPartOf":{"@id":"https:\/\/www.astburyformentera.fr\/blog\/calo-des-mort\/"},"author":{"name":"astburyformentera","@id":"https:\/\/www.astburyformentera.fr\/blog\/#\/schema\/person\/3b7960663a62d882614d380312b77245"},"headline":"Cal\u00f3 Des Mort","datePublished":"2025-08-29T16:42:12+00:00","dateModified":"2025-09-01T13:55:35+00:00","mainEntityOfPage":{"@id":"https:\/\/www.astburyformentera.fr\/blog\/calo-des-mort\/"},"wordCount":325,"publisher":{"@id":"https:\/\/www.astburyformentera.fr\/blog\/#organization"},"image":{"@id":"https:\/\/www.astburyformentera.fr\/blog\/calo-des-mort\/#primaryimage"},"thumbnailUrl":"https:\/\/www.astburyformentera.fr\/blog\/wp-content\/uploads\/2025\/08\/calo-des-mort-formentera-beach-1-scaled.webp","articleSection":["Beaches of Formentera","Conseils de voyage et informations sur Formentera","Non classifi\u00e9(e)"],"inLanguage":"fr-FR"},{"@type":"WebPage","@id":"https:\/\/www.astburyformentera.fr\/blog\/calo-des-mort\/","url":"https:\/\/www.astburyformentera.fr\/blog\/calo-des-mort\/","name":"Plage de Calo' des Mort - Astbury Formentera","isPartOf":{"@id":"https:\/\/www.astburyformentera.fr\/blog\/#website"},"primaryImageOfPage":{"@id":"https:\/\/www.astburyformentera.fr\/blog\/calo-des-mort\/#primaryimage"},"image":{"@id":"https:\/\/www.astburyformentera.fr\/blog\/calo-des-mort\/#primaryimage"},"thumbnailUrl":"https:\/\/www.astburyformentera.fr\/blog\/wp-content\/uploads\/2025\/08\/calo-des-mort-formentera-beach-1-scaled.webp","datePublished":"2025-08-29T16:42:12+00:00","dateModified":"2025-09-01T13:55:35+00:00","description":"D\u00e9couvrez tout ce que vous devez savoir sur le Cal\u00f3 des Mort, une crique cach\u00e9e de Formentera, et sur le Chiringuito Bartolo, situ\u00e9 \u00e0 proximit\u00e9, o\u00f9 vous pourrez d\u00e9guster des cocktails avec une vue magique sur le coucher de soleil.","breadcrumb":{"@id":"https:\/\/www.astburyformentera.fr\/blog\/calo-des-mort\/#breadcrumb"},"inLanguage":"fr-FR","potentialAction":[{"@type":"ReadAction","target":["https:\/\/www.astburyformentera.fr\/blog\/calo-des-mort\/"]}]},{"@type":"ImageObject","inLanguage":"fr-FR","@id":"https:\/\/www.astburyformentera.fr\/blog\/calo-des-mort\/#primaryimage","url":"https:\/\/www.astburyformentera.fr\/blog\/wp-content\/uploads\/2025\/08\/calo-des-mort-formentera-beach-1-scaled.webp","contentUrl":"https:\/\/www.astburyformentera.fr\/blog\/wp-content\/uploads\/2025\/08\/calo-des-mort-formentera-beach-1-scaled.webp","width":2560,"height":1920,"caption":"Cal\u00f3 des Mort beach, Formentera"},{"@type":"BreadcrumbList","@id":"https:\/\/www.astburyformentera.fr\/blog\/calo-des-mort\/#breadcrumb","itemListElement":[{"@type":"ListItem","position":1,"name":"Home","item":"https:\/\/www.astburyformentera.fr\/blog\/"},{"@type":"ListItem","position":2,"name":"Cal\u00f3 Des Mort"}]},{"@type":"WebSite","@id":"https:\/\/www.astburyformentera.fr\/blog\/#website","url":"https:\/\/www.astburyformentera.fr\/blog\/","name":"Island Life","description":"Astbury Formentera","publisher":{"@id":"https:\/\/www.astburyformentera.fr\/blog\/#organization"},"potentialAction":[{"@type":"SearchAction","target":{"@type":"EntryPoint","urlTemplate":"https:\/\/www.astburyformentera.fr\/blog\/?s={search_term_string}"},"query-input":"required name=search_term_string"}],"inLanguage":"fr-FR"},{"@type":"Organization","@id":"https:\/\/www.astburyformentera.fr\/blog\/#organization","name":"Astbury Formentera","url":"https:\/\/www.astburyformentera.fr\/blog\/","logo":{"@type":"ImageObject","inLanguage":"fr-FR","@id":"https:\/\/www.astburyformentera.fr\/blog\/#\/schema\/logo\/image\/","url":"https:\/\/www.astburyformentera.fr\/blog\/wp-content\/uploads\/2024\/06\/Astbury_Main_Logo.jpg","contentUrl":"https:\/\/www.astburyformentera.fr\/blog\/wp-content\/uploads\/2024\/06\/Astbury_Main_Logo.jpg","width":591,"height":794,"caption":"Astbury Formentera"},"image":{"@id":"https:\/\/www.astburyformentera.fr\/blog\/#\/schema\/logo\/image\/"},"sameAs":["https:\/\/www.facebook.com\/formentera.astbury\/","https:\/\/www.instagram.com\/astburyformentera\/"]},{"@type":"Person","@id":"https:\/\/www.astburyformentera.fr\/blog\/#\/schema\/person\/3b7960663a62d882614d380312b77245","name":"astburyformentera","image":{"@type":"ImageObject","inLanguage":"fr-FR","@id":"https:\/\/www.astburyformentera.fr\/blog\/#\/schema\/person\/image\/","url":"https:\/\/secure.gravatar.com\/avatar\/e7a2190fae75b01f080821e9e7053a7d131f6f71b9d3654542a5a42f29c8a000?s=96&d=mm&r=g","contentUrl":"https:\/\/secure.gravatar.com\/avatar\/e7a2190fae75b01f080821e9e7053a7d131f6f71b9d3654542a5a42f29c8a000?s=96&d=mm&r=g","caption":"astburyformentera"},"url":"https:\/\/www.astburyformentera.fr\/blog\/author\/astburyformentera\/"}]}},"_links":{"self":[{"href":"https:\/\/www.astburyformentera.fr\/blog\/wp-json\/wp\/v2\/posts\/2761","targetHints":{"allow":["GET"]}}],"collection":[{"href":"https:\/\/www.astburyformentera.fr\/blog\/wp-json\/wp\/v2\/posts"}],"about":[{"href":"https:\/\/www.astburyformentera.fr\/blog\/wp-json\/wp\/v2\/types\/post"}],"author":[{"embeddable":true,"href":"https:\/\/www.astburyformentera.fr\/blog\/wp-json\/wp\/v2\/users\/2"}],"replies":[{"embeddable":true,"href":"https:\/\/www.astburyformentera.fr\/blog\/wp-json\/wp\/v2\/comments?post=2761"}],"version-history":[{"count":1,"href":"https:\/\/www.astburyformentera.fr\/blog\/wp-json\/wp\/v2\/posts\/2761\/revisions"}],"predecessor-version":[{"id":2762,"href":"https:\/\/www.astburyformentera.fr\/blog\/wp-json\/wp\/v2\/posts\/2761\/revisions\/2762"}],"wp:featuredmedia":[{"embeddable":true,"href":"https:\/\/www.astburyformentera.fr\/blog\/wp-json\/wp\/v2\/media\/2738"}],"wp:attachment":[{"href":"https:\/\/www.astburyformentera.fr\/blog\/wp-json\/wp\/v2\/media?parent=2761"}],"wp:term":[{"taxonomy":"category","embeddable":true,"href":"https:\/\/www.astburyformentera.fr\/blog\/wp-json\/wp\/v2\/categories?post=2761"},{"taxonomy":"post_tag","embeddable":true,"href":"https:\/\/www.astburyformentera.fr\/blog\/wp-json\/wp\/v2\/tags?post=2761"}],"curies":[{"name":"wp","href":"https:\/\/api.w.org\/{rel}","templated":true}]}}